{"id":1717,"date":"2021-05-22T09:47:34","date_gmt":"2021-05-22T09:47:34","guid":{"rendered":"https:\/\/confrontiassisi.it\/?p=1717"},"modified":"2021-08-07T08:10:30","modified_gmt":"2021-08-07T08:10:30","slug":"il-pd-nella-comunita","status":"publish","type":"post","link":"https:\/\/confrontiassisi.it\/index.php\/2021\/05\/22\/il-pd-nella-comunita\/","title":{"rendered":"Il PD nella comunit\u00e0, per la comunit\u00e0. Assisi al centro di nuovi sviluppi economico-sociali"},"content":{"rendered":"\n<p class=\"has-text-align-center has-black-color has-text-color\"><strong>&#8211; Abstract &#8211; <\/strong><\/p>\n\n\n\n<p class=\"has-black-color has-text-color\">Il sostegno ai fragili, l\u2019attenzione all\u2019ambiente, la ricerca di nuovi sviluppi economico-sociali non pu\u00f2 non passare per Assisi ed il suo territorio. Le soluzioni le possiamo trovare solo ascoltando i cittadini e dando voce alle loro richieste, rispettando i valori democratici che contraddistinguono noi tutti.<\/p>\n\n\n\n<p class=\"has-black-color has-text-color\">Il rapporto tra Civismo e Partito Democratico \u00e8 al centro delle riflessioni del partito, non per quello che rappresenta, ma per le modalit\u00e0 di azione. Il PD tutto ha esperienza endemica nel parlare con la gente e per la gente, dare voce ai giovani e non parlare solo ai giovani, favorire occasioni di confronto, accettare opinioni diverse.<\/p>\n\n\n\n<p class=\"has-black-color has-text-color\">La priorit\u00e0, comunque \u00e8 e dovr\u00e0 essere veicolare i grossi cambiamenti all\u2019orizzonte, secondo i tre macro-principi; <strong>inclusione, sostenibilit\u00e0, sostegno<\/strong>.<\/p>\n\n\n\n<p class=\"has-black-color has-text-color\">Vogliamo seguitare ad occuparci di alcuni progetti importanti gi\u00e0 avviati:<\/p>\n\n\n\n<ul class=\"has-black-color has-text-color\"><li>la riqualificazione della scuola<\/li><li>una nuova urbanizzazione che sia in linea con la vocazione di Assisi<\/li><li>il rispetto ambientale<\/li><li>un nuovo piano per lo sviluppo del turismo<\/li><li>un progetto per una maggiore valorizzazione di Assisi nel mondo con il suo patrimonio di cultura, storia ed arte.<\/li><\/ul>\n\n\n\n<p class=\"has-black-color has-text-color\">\u00c8 sicuramente necessaria una strategia complessiva che abbia chiaro e faccia capire altrettanto chiaramente che la <strong>Bellezza<\/strong> del nostro patrimonio \u00e8 un valore <strong>reale<\/strong>, vendibile e spendibile.<\/p>\n\n\n\n<p class=\"has-text-align-center has-white-color has-vivid-cyan-blue-background-color has-text-color has-background has-medium-font-size\"><strong>Scarica qui sotto l&#8217;articolo completo in pdf<\/strong><\/p>\n\n\n\n<div class=\"wp-block-file aligncenter\"><a href=\"https:\/\/confrontiassisi.it\/wp-content\/uploads\/2021\/05\/Il-PD-nella-comunita.pdf\"><strong>Il PD nella comunit\u00e0, per la comunit\u00e0<\/strong><\/a><a href=\"https:\/\/confrontiassisi.it\/wp-content\/uploads\/2021\/05\/Il-PD-nella-comunita.pdf\" class=\"wp-block-file__button\" download>Download<\/a><\/div>\n\n\n\n<p class=\"has-vivid-red-color has-text-color\"><strong>Articoli collegati<\/strong>: <em><a href=\"https:\/\/confrontiassisi.it\/index.php\/2021\/04\/30\/civismo-cattolico\/\">Civismo cattolico e Partito Democratico. Lettera aperta al PD nel tempo dell\u2019evaporazione politica<\/a><\/em>. di Paolo Ansideri<\/p>\n","protected":false},"excerpt":{"rendered":"<p>La priorit\u00e0 \u00e8 e dovr\u00e0 essere veicolare i grossi cambiamenti all\u2019orizzonte, secondo i tre macro-principi: inclusione, sostenibilit\u00e0, sostegno.<\/p>\n","protected":false},"author":19,"featured_media":1723,"comment_status":"closed","ping_status":"closed","sticky":false,"template":"","format":"standard","meta":[],"categories":[72,74,6],"tags":[],"_links":{"self":[{"href":"https:\/\/confrontiassisi.it\/index.php\/wp-json\/wp\/v2\/posts\/1717"}],"collection":[{"href":"https:\/\/confrontiassisi.it\/index.php\/wp-json\/wp\/v2\/posts"}],"about":[{"href":"https:\/\/confrontiassisi.it\/index.php\/wp-json\/wp\/v2\/types\/post"}],"author":[{"embeddable":true,"href":"https:\/\/confrontiassisi.it\/index.php\/wp-json\/wp\/v2\/users\/19"}],"replies":[{"embeddable":true,"href":"https:\/\/confrontiassisi.it\/index.php\/wp-json\/wp\/v2\/comments?post=1717"}],"version-history":[{"count":6,"href":"https:\/\/confrontiassisi.it\/index.php\/wp-json\/wp\/v2\/posts\/1717\/revisions"}],"predecessor-version":[{"id":1788,"href":"https:\/\/confrontiassisi.it\/index.php\/wp-json\/wp\/v2\/posts\/1717\/revisions\/1788"}],"wp:featuredmedia":[{"embeddable":true,"href":"https:\/\/confrontiassisi.it\/index.php\/wp-json\/wp\/v2\/media\/1723"}],"wp:attachment":[{"href":"https:\/\/confrontiassisi.it\/index.php\/wp-json\/wp\/v2\/media?parent=1717"}],"wp:term":[{"taxonomy":"category","embeddable":true,"href":"https:\/\/confrontiassisi.it\/index.php\/wp-json\/wp\/v2\/categories?post=1717"},{"taxonomy":"post_tag","embeddable":true,"href":"https:\/\/confrontiassisi.it\/index.php\/wp-json\/wp\/v2\/tags?post=1717"}],"curies":[{"name":"wp","href":"https:\/\/api.w.org\/{rel}","templated":true}]}}