{"id":2149,"date":"2021-08-07T05:59:00","date_gmt":"2021-08-07T05:59:00","guid":{"rendered":"https:\/\/confrontiassisi.it\/?p=2149"},"modified":"2021-08-07T08:01:41","modified_gmt":"2021-08-07T08:01:41","slug":"assisi-sogno-o-son-desto","status":"publish","type":"post","link":"https:\/\/confrontiassisi.it\/index.php\/2021\/08\/07\/assisi-sogno-o-son-desto\/","title":{"rendered":"Assisi: sogno o son desto? Iniziative, progetti e scelte per la nostra citt\u00e0"},"content":{"rendered":"\n<p class=\"has-text-align-center has-black-color has-text-color\">&#8211;<strong> Abstract &#8211; <\/strong><\/p>\n\n\n\n<p class=\"has-black-color has-text-color\">Quando si parla di Assisi, dei suoi problemi, del suo futuro, si deve tener conto di ci\u00f2 che \u00e8 Assisi, che non solo \u00e8 la citt\u00e0 dove sono nati San Francesco e Santa Chiara, ma dal 2000 \u00e8 Patrimonio mondiale dell\u2019Umanit\u00e0, \u00e8 da 60 anni la citt\u00e0 della Marcia della Pace, ha ospitato nell\u2019ottobre 1986 quello che di fatto fu un congresso mondiale delle religioni per la Pace, seppe salvare 300 ebrei nel corso della seconda guerra mondiale. E molto altro ancora. <\/p>\n\n\n\n<p class=\"has-black-color has-text-color\">Ma oggi le iniziative culturali, i progetti, le scelte amministrative, la programmazione del futuro, pensando anche al 2026 con la celebrazione dell\u2019VIII anniversario della morte di Francesco, tengono conto di tutto questo patrimonio e sono arricchite da queste storiche esperienze? <\/p>\n\n\n\n<p class=\"has-black-color has-text-color\">Lo stesso dibattito politico, soprattutto in tempo di elezioni, \u00e8 permeato di questo pensiero, di questa storia, di questi stimoli per pensare in grande, essere punto di riferimento non solo per i propri cittadini ma per il mondo?<\/p>\n\n\n\n<p class=\"has-black-color has-text-color\">Sembra di no. \u00c8 dunque tempo che i cittadini, le associazioni e in particolare l\u2019amministrazione comunale di Assisi cambino passo, mentalit\u00e0 e scelte.<\/p>\n\n\n\n<p class=\"has-text-align-center has-white-color has-vivid-cyan-blue-background-color has-text-color has-background has-medium-font-size\"><strong>Scarica qui sotto l&#8217;articolo completo in pdf<\/strong><\/p>\n\n\n\n<div class=\"wp-block-file aligncenter\"><a href=\"https:\/\/confrontiassisi.it\/wp-content\/uploads\/2021\/08\/Assisi-sogno-o-son-desto.pdf\"><strong>Assisi sogno o son desto?<\/strong><\/a><a href=\"https:\/\/confrontiassisi.it\/wp-content\/uploads\/2021\/08\/Assisi-sogno-o-son-desto.pdf\" class=\"wp-block-file__button\" download>Download<\/a><\/div>\n\n\n\n<p><\/p>\n","protected":false},"excerpt":{"rendered":"<p>Non si pu\u00f2 parlare di Assisi, dei suoi problemi, del suo futuro, senza tener conto di ci\u00f2 che \u00e8 Assisi per il mondo e per la storia.<\/p>\n","protected":false},"author":26,"featured_media":2155,"comment_status":"closed","ping_status":"closed","sticky":false,"template":"","format":"standard","meta":[],"categories":[93,99,6],"tags":[],"_links":{"self":[{"href":"https:\/\/confrontiassisi.it\/index.php\/wp-json\/wp\/v2\/posts\/2149"}],"collection":[{"href":"https:\/\/confrontiassisi.it\/index.php\/wp-json\/wp\/v2\/posts"}],"about":[{"href":"https:\/\/confrontiassisi.it\/index.php\/wp-json\/wp\/v2\/types\/post"}],"author":[{"embeddable":true,"href":"https:\/\/confrontiassisi.it\/index.php\/wp-json\/wp\/v2\/users\/26"}],"replies":[{"embeddable":true,"href":"https:\/\/confrontiassisi.it\/index.php\/wp-json\/wp\/v2\/comments?post=2149"}],"version-history":[{"count":7,"href":"https:\/\/confrontiassisi.it\/index.php\/wp-json\/wp\/v2\/posts\/2149\/revisions"}],"predecessor-version":[{"id":2522,"href":"https:\/\/confrontiassisi.it\/index.php\/wp-json\/wp\/v2\/posts\/2149\/revisions\/2522"}],"wp:featuredmedia":[{"embeddable":true,"href":"https:\/\/confrontiassisi.it\/index.php\/wp-json\/wp\/v2\/media\/2155"}],"wp:attachment":[{"href":"https:\/\/confrontiassisi.it\/index.php\/wp-json\/wp\/v2\/media?parent=2149"}],"wp:term":[{"taxonomy":"category","embeddable":true,"href":"https:\/\/confrontiassisi.it\/index.php\/wp-json\/wp\/v2\/categories?post=2149"},{"taxonomy":"post_tag","embeddable":true,"href":"https:\/\/confrontiassisi.it\/index.php\/wp-json\/wp\/v2\/tags?post=2149"}],"curies":[{"name":"wp","href":"https:\/\/api.w.org\/{rel}","templated":true}]}}