{"id":2556,"date":"2021-08-31T03:10:40","date_gmt":"2021-08-31T03:10:40","guid":{"rendered":"https:\/\/confrontiassisi.it\/?p=2556"},"modified":"2021-09-02T07:24:41","modified_gmt":"2021-09-02T07:24:41","slug":"assisi-alla-ricerca-del-bene-comune","status":"publish","type":"post","link":"https:\/\/confrontiassisi.it\/index.php\/2021\/08\/31\/assisi-alla-ricerca-del-bene-comune\/","title":{"rendered":"Assisi, alla ricerca del Bene Comune. Proposte irrinunciabili per il buon governo della cosa pubblica"},"content":{"rendered":"\n<p class=\"has-text-align-center has-black-color has-text-color\"><strong>&#8211; Abstract &#8211;<\/strong><\/p>\n\n\n\n<p class=\"has-black-color has-text-color\">Nel segno di una Sinistra pi\u00f9 larga e moderna, coraggiosa nei temi e dialogante nei metodi, #Progressisti21, neonata Associazione politica, cerca di esercitare il suo impegno con il massimo della idealit\u00e0 e della concretezza possibile. Perch\u00e9 la prima non pu\u00f2 essere scissa dalla seconda, e perch\u00e9 chiunque voglia davvero cambiare lo stato delle cose e risolvere i problemi della citt\u00e0, non pu\u00f2 che fare ogni sforzo per unire tutte le voci e le energie seriamente impegnate su questi obiettivi.<\/p>\n\n\n\n<p class=\"has-black-color has-text-color\">\u00c8 necessario impegnarci per uno sviluppo sociale, economico e culturale che faccia emergere le nostre eccellenze, per una nuova cultura dell\u2019ambiente, per le pari opportunit\u00e0, per i diritti di cittadinanza, per la valorizzazione dell\u2019educazione e della cultura.<\/p>\n\n\n\n<p class=\"has-black-color has-text-color\">Ci\u00f2 passa necessariamente attraverso una serie di proposte concrete e realizzabili, puntando diritti al recupero di un sentimento profondo e di inestimabile valore: il senso di appartenenza ad una Comunit\u00e0.<\/p>\n\n\n\n<p class=\"has-black-color has-text-color\">Al centro del progetto il primato dei beni comuni della salute, dell\u2019istruzione e della cultura, diritti fondamentali di ogni persona, senza distinguere tra chi pu\u00f2 e chi non pu\u00f2 pagare, tra poveri e ricchi.<br>E poi la forza della solidariet\u00e0, l\u2019imperativo categorico della cura dell\u2019ambiente (dell\u2019aria che respiriamo per prima), del lavoro e della sua sicurezza.<\/p>\n\n\n\n<p class=\"has-black-color has-text-color\">Le politiche pubbliche dei prossimi anni non possono prescindere da un insieme di valori ben chiari: l\u2019inclusione e la coesione, la sostenibilit\u00e0 sociale, la sostenibilit\u00e0 ambientale, la sostenibilit\u00e0 di genere e la sostenibilit\u00e0 generazionale.<\/p>\n\n\n\n<p class=\"has-black-color has-text-color\">Valorizzazione del metodo democratico, della funzione del Consiglio comunale e della partecipazione popolare con il riferimento ideale alla Costituzione italiana, base di un impegno politico al pieno servizio del bene comune. Fondamentale sar\u00e0 l\u2019adozione di un Codice Etico, sulla base del quale, tutti i componenti del governo cittadino rifiutano una gestione oligarchica o clientelare del potere, logiche di scambio o pressioni indebite. Rinunciano o si astengono dall\u2019assumere incarichi o decisioni che abbiano una diretta incidenza, specifica e preferenziale, sul patrimonio personale, del proprio nucleo familiare o dei conviventi, ovvero dei parenti o affini; e che possa configurarsi un conflitto di interessi tale da condizionare i propri comportamenti.<\/p>\n\n\n\n<p class=\"has-black-color has-text-color\">Forte deve essere il richiamo ai valori dell\u2019antifascismo e l\u2019Amministrazione Comunale dovr\u00e0 negare l\u2019utilizzo di spazi pubblici a tutte le associazioni che non sottoscrivano una dichiarazione di adesione ai valori dell\u2019antifascismo.<\/p>\n\n\n\n<p class=\"has-black-color has-text-color\">Il principio di legalit\u00e0 deve essere messo al centro di ogni azione politica e amministrativa dei componenti di governo e la sua difesa in cima alle sue priorit\u00e0: l\u2019illegale \u00e8 affare di pochi, ma la legalit\u00e0 \u00e8 un affare per tutti.<\/p>\n\n\n\n<p class=\"has-black-color has-text-color\">La nostra citt\u00e0 poi deve sentirsi di pi\u00f9 come una \u201ccomunit\u00e0\u201d aperta, inclusiva, solidale, integrata; dove tutti, giovani e anziani, lavoratori e pensionati, immigrati e italiani, possano sentirsi parte di un progetto comune.<\/p>\n\n\n\n<p>La visione, infine, che dobbiamo avere rispetto al Comune, che rappresenta la macchina, il cuore di qualsiasi progetto, \u00e8 quello di una struttura snella e flessibile che deve essere di aiuto e di governance a tutta la comunit\u00e0.<\/p>\n\n\n\n<p class=\"has-text-align-center has-white-color has-vivid-cyan-blue-background-color has-text-color has-background has-medium-font-size\"><strong>Scarica qui sotto l\u2019articolo completo in pdf<\/strong><\/p>\n\n\n\n<div class=\"wp-block-file aligncenter\"><a href=\"https:\/\/confrontiassisi.it\/wp-content\/uploads\/2021\/09\/Assisi-alla-ricerca-del-Bene-Comune.pdf\"><strong>Assisi alla ricerca del Bene Comune<\/strong><\/a><a href=\"https:\/\/confrontiassisi.it\/wp-content\/uploads\/2021\/09\/Assisi-alla-ricerca-del-Bene-Comune.pdf\" class=\"wp-block-file__button\" download>Download<\/a><\/div>\n\n\n\n<p><\/p>\n","protected":false},"excerpt":{"rendered":"<p>Le proposte di #Progressisti21 per il governo della cosa pubblica.<br \/>\nMetodo democratico, Antifascismo, Principio di legalit\u00e0, Solidariet\u00e0, cura di ambiente e lavoro, inclusione, sostenibilit\u00e0<\/p>\n","protected":false},"author":31,"featured_media":2564,"comment_status":"closed","ping_status":"closed","sticky":false,"template":"","format":"standard","meta":[],"categories":[100,103,6],"tags":[],"_links":{"self":[{"href":"https:\/\/confrontiassisi.it\/index.php\/wp-json\/wp\/v2\/posts\/2556"}],"collection":[{"href":"https:\/\/confrontiassisi.it\/index.php\/wp-json\/wp\/v2\/posts"}],"about":[{"href":"https:\/\/confrontiassisi.it\/index.php\/wp-json\/wp\/v2\/types\/post"}],"author":[{"embeddable":true,"href":"https:\/\/confrontiassisi.it\/index.php\/wp-json\/wp\/v2\/users\/31"}],"replies":[{"embeddable":true,"href":"https:\/\/confrontiassisi.it\/index.php\/wp-json\/wp\/v2\/comments?post=2556"}],"version-history":[{"count":6,"href":"https:\/\/confrontiassisi.it\/index.php\/wp-json\/wp\/v2\/posts\/2556\/revisions"}],"predecessor-version":[{"id":2635,"href":"https:\/\/confrontiassisi.it\/index.php\/wp-json\/wp\/v2\/posts\/2556\/revisions\/2635"}],"wp:featuredmedia":[{"embeddable":true,"href":"https:\/\/confrontiassisi.it\/index.php\/wp-json\/wp\/v2\/media\/2564"}],"wp:attachment":[{"href":"https:\/\/confrontiassisi.it\/index.php\/wp-json\/wp\/v2\/media?parent=2556"}],"wp:term":[{"taxonomy":"category","embeddable":true,"href":"https:\/\/confrontiassisi.it\/index.php\/wp-json\/wp\/v2\/categories?post=2556"},{"taxonomy":"post_tag","embeddable":true,"href":"https:\/\/confrontiassisi.it\/index.php\/wp-json\/wp\/v2\/tags?post=2556"}],"curies":[{"name":"wp","href":"https:\/\/api.w.org\/{rel}","templated":true}]}}